{"id":2381,"date":"2019-02-28T11:23:56","date_gmt":"2019-02-28T10:23:56","guid":{"rendered":"https:\/\/old.mnw.org.pl\/?p=2381"},"modified":"2019-03-15T09:30:06","modified_gmt":"2019-03-15T08:30:06","slug":"rekordowe-poparcie-dla-rownosci-malzenskiej-w-sondazu-oko-press","status":"publish","type":"post","link":"https:\/\/old.mnw.org.pl\/wp\/rekordowe-poparcie-dla-rownosci-malzenskiej-w-sondazu-oko-press\/","title":{"rendered":"Rekordowe poparcie dla r\u00f3wno\u015bci ma\u0142\u017ce\u0144skiej w sonda\u017cu OKO.press!"},"content":{"rendered":"<p>Co wi\u0119cej zanotowano wzrost wzgl\u0119dem poprzedniego sonda\u017cu przeprowadzanego przy u\u017cyciu tych samych narz\u0119dzi badawczych. W 2017 roku poparcie dla zwi\u0105zk\u00f3w wynosi\u0142o 52 procent a dla ma\u0142\u017ce\u0144stw jednop\u0142ciowych 38 procent.<\/p>\n<p>Ze wzgl\u0119du na metodologi\u0119 wyniki r\u00f3\u017cni\u0105 si\u0119 nieco od tych uzyskanych w og\u00f3lnopolskim <a href=\"https:\/\/old.mnw.org.pl\/rownosc-malzenska-2018\/\">badaniu, kt\u00f3re przeprowadzili\u015bmy w 2018 roku jako Stowarzyszenie Mi\u0142o\u015b\u0107 Nie Wyklucza<\/a> przy wsp\u00f3\u0142pracy <a href=\"https:\/\/www.danae.com.pl\/\" rel=\"noopener nofollow\">Danae &#8211; Badania Ewaluacje Szkolenia<\/a>. O ile w sonda\u017cach Oko.press respondenci i respondentki maj\u0105 do wyboru jedynie opcje \u201eTak&#8221; lub \u201eNie&#8221;, o tyle w naszych badaniach, prowadzonych od 2015 roku, stosujemy bardziej rozbudowan\u0105 skal\u0119, co mo\u017ce przek\u0142ada\u0107 si\u0119 na wyniki.<\/p>\n<p><img loading=\"lazy\" decoding=\"async\" class=\"aligncenter wp-image-2382\" src=\"https:\/\/old.mnw.org.pl\/app\/uploads\/2019\/02\/rownosc-malzenska-sondaz-oko.press-milosc-nie-wyklucza.jpg\" alt=\"\" width=\"450\" height=\"450\" \/><\/p>\n<p>Poparcie dla r\u00f3wno\u015bci ma\u0142\u017ce\u0144skiej zadeklarowa\u0142o w 2018 roku 28 procent badanych, a dla zwi\u0105zk\u00f3w partnerskich 31,5 procenta. Zanotowali\u015bmy natomiast zdecydowany spadek przeciwnik\u00f3w obu tych rozwi\u0105za\u0144 wzgl\u0119dem roku 2015.<\/p>\n<p>Niezale\u017cnie od r\u00f3\u017cnic metodologicznych, obydwa badania pokazuj\u0105, \u017ce zwolennicy formalizacji zwi\u0105zk\u00f3w jednop\u0142ciowych s\u0105 silnie reprezentowani w elektoratach takich partii, jak Wiosna Biedronia, Nowoczesna, Sojusz Lewicy Demokratycznej &#8211; SLD Lewica Razem i Platforma Obywatelska. Co nie zawsze znajduje odzwierciedlenie w partyjnych programach (tak, Grzegorzu Schetyno, o tobie mowa!). Miejmy nadziej\u0119, \u017ce rekordowy wynik uzyskany przez Oko.press da politykom do my\u015blenia!<\/p>\n<p>Dzi\u0119kujemy Oko.press za trzymanie r\u0119ki na pulsie i ci\u0105g\u0142e zainteresowanie tematem r\u00f3wno\u015bci ma\u0142\u017ce\u0144skiej!<\/p>\n<p>\u0179r\u00f3d\u0142o: <a href=\"https:\/\/oko.press\/rekordowe-poparcie-dla-zwiazkow-partnerskich-i-rownosci-malzenskiej-sondaz\/\" rel=\"noopener nofollow\"><strong>Oko.press<\/strong><\/a><\/p>\n","protected":false},"excerpt":{"rendered":"<p>Badanie przeprowadzone przez IPSOS wykaza\u0142o, \u017ce 41 procent ankietowanych opowiada si\u0119 za przyznaniem parom jednop\u0142ciowym prawa do zawierania ma\u0142\u017ce\u0144stw cywilnych. 56 procent os\u00f3b popar\u0142o wprowadzenie w Polsce zwi\u0105zk\u00f3w partnerskich.<\/p>\n","protected":false},"author":4,"featured_media":2382,"comment_status":"open","ping_status":"open","sticky":false,"template":"","format":"standard","meta":{"footnotes":""},"categories":[13,12],"tags":[],"range":[],"_links":{"self":[{"href":"https:\/\/old.mnw.org.pl\/wp\/wp-json\/wp\/v2\/posts\/2381"}],"collection":[{"href":"https:\/\/old.mnw.org.pl\/wp\/wp-json\/wp\/v2\/posts"}],"about":[{"href":"https:\/\/old.mnw.org.pl\/wp\/wp-json\/wp\/v2\/types\/post"}],"author":[{"embeddable":true,"href":"https:\/\/old.mnw.org.pl\/wp\/wp-json\/wp\/v2\/users\/4"}],"replies":[{"embeddable":true,"href":"https:\/\/old.mnw.org.pl\/wp\/wp-json\/wp\/v2\/comments?post=2381"}],"version-history":[{"count":5,"href":"https:\/\/old.mnw.org.pl\/wp\/wp-json\/wp\/v2\/posts\/2381\/revisions"}],"predecessor-version":[{"id":2428,"href":"https:\/\/old.mnw.org.pl\/wp\/wp-json\/wp\/v2\/posts\/2381\/revisions\/2428"}],"wp:featuredmedia":[{"embeddable":true,"href":"https:\/\/old.mnw.org.pl\/wp\/wp-json\/wp\/v2\/media\/2382"}],"wp:attachment":[{"href":"https:\/\/old.mnw.org.pl\/wp\/wp-json\/wp\/v2\/media?parent=2381"}],"wp:term":[{"taxonomy":"category","embeddable":true,"href":"https:\/\/old.mnw.org.pl\/wp\/wp-json\/wp\/v2\/categories?post=2381"},{"taxonomy":"post_tag","embeddable":true,"href":"https:\/\/old.mnw.org.pl\/wp\/wp-json\/wp\/v2\/tags?post=2381"},{"taxonomy":"range","embeddable":true,"href":"https:\/\/old.mnw.org.pl\/wp\/wp-json\/wp\/v2\/range?post=2381"}],"curies":[{"name":"wp","href":"https:\/\/api.w.org\/{rel}","templated":true}]}}