{"id":2712,"date":"2019-07-20T15:16:32","date_gmt":"2019-07-20T13:16:32","guid":{"rendered":"https:\/\/old.mnw.org.pl\/?p=2712"},"modified":"2019-07-20T15:16:32","modified_gmt":"2019-07-20T13:16:32","slug":"uchwaly-anty-lgbt","status":"publish","type":"post","link":"https:\/\/old.mnw.org.pl\/wp\/uchwaly-anty-lgbt\/","title":{"rendered":"Uchwa\u0142y anty-LGBT \u0142ami\u0105 prawo i powinny zosta\u0107 uchylone"},"content":{"rendered":"<p>Polskie Towarzystwo Prawa Antydyskryminacyjnego zareagowa\u0142o na przyjmowane ostatnio w niekt\u00f3rych samorz\u0105dach uchwa\u0142y skierowane przeciwko spo\u0142eczno\u015bci LGBT+. Przygotowana zosta\u0142a ekspertyza prawna, z kt\u00f3rej jednoznacznie wynika, \u017ce uchwa\u0142y te s\u0105 niezgodne z przepisami, w tym z Konstytucj\u0105, a wojewodowie powinni zaskar\u017ca\u0107 je do s\u0105d\u00f3w.<\/p>\n<p>Opinia wskazuje, \u017ce uchwa\u0142y przeciwko osobom LGBT+ naruszaj\u0105 w szczeg\u00f3lno\u015bci przepisy Konstytucji: art. 7 m\u00f3wi\u0105cy o tym, \u017ce w\u0142adze publiczne (w tym samorz\u0105dowe) maj\u0105 obowi\u0105zek dzia\u0142a\u0107 na podstawie i w granicach prawa oraz art. 32, zakazuj\u0105cy dyskryminacji kogokolwiek z jakiejkolwiek przyczyny. Dyskryminacja ze wzgl\u0119du na orientacj\u0119 seksualn\u0105 jest te\u017c niedopuszczalna w \u015bwietle wi\u0105\u017c\u0105cej dla Polski Karty Praw Podstawowych Unii Europejskiej oraz Konwencji o ochronie praw cz\u0142owieka i podstawowych wolno\u015bci i Mi\u0119dzynarodowym Pakcie Praw Obywatelskich i Politycznych.<\/p>\n<p>\u015arodowiska polityczne, odpowiedzialne za przyjmowanie tych uchwa\u0142, stosuj\u0105 niekiedy wybieg retoryczny, twierdz\u0105c, \u017ce stanowi\u0105 one wyraz protestu przeciwko &#8220;ideologii LGBT&#8221;. Jednak w istocie, jak podkre\u015bla Marek Szolc, prawnik i radny Warszawy, dzia\u0142aj\u0105cy na rzecz naszej spo\u0142eczno\u015bci, dzia\u0142ania te godz\u0105 w konkretne osoby:<\/p>\n<blockquote><p>Nie ma czego\u015b takiego jak &#8221;ideologia LGBT&#8221;. S\u0105 osoby LGBT &#8211; lesbijki, geje, osoby biseksualne, transseksualne i inne nieheteronormatywne, kt\u00f3re z dan\u0105 orientacj\u0105 seksualn\u0105 albo to\u017csamo\u015bci\u0105 p\u0142ciow\u0105 si\u0119 rodz\u0105. Tak jak inni obywatele i obywatelki maj\u0105 prawo do szacunku, do r\u00f3wnego traktowania. Samorz\u0105dy deklaruj\u0105ce, \u017ce b\u0119d\u0105 &#8221;wolne od LGBT&#8221;, brutalnie wykluczaj\u0105 je ze wsp\u00f3lnoty, nara\u017caj\u0105 na przemoc. I to w sytuacji, gdy ilo\u015b\u0107 przest\u0119pstw z nienawi\u015bci w Polsce szybko ro\u015bnie.<\/p><\/blockquote>\n<p>Opr\u00f3cz raportu sporz\u0105dzono tak\u017ce map\u0119 prezentuj\u0105c\u0105\u00a0wojew\u00f3dztwa, powiaty i gminy, g\u0142\u00f3wnie ze wschodu i po\u0142udnia Polski, kt\u00f3re z\u0142ama\u0142y przepisy zobowi\u0105zuj\u0105ce je do r\u00f3wnego traktowania os\u00f3b o innej ni\u017c heteroseksualna orientacji.<\/p>\n<p><img loading=\"lazy\" decoding=\"async\" class=\"alignnone size-full wp-image-2714\" src=\"https:\/\/old.mnw.org.pl\/app\/uploads\/2019\/07\/bez-LGBT.png\" alt=\"\" width=\"9921\" height=\"7015\" \/><\/p>\n<p>Opinia zostanie wys\u0142ana do wszystkich urz\u0119d\u00f3w wojew\u00f3dzkich, powiatowych i gminnych na terenie kraju. B\u0119dzie te\u017c dost\u0119pna na stronie internetowej Polskiego Towarzystwa Prawa Antydyskryminacyjnego oraz\u00a0stronach Kampanii Przeciw Homofobii, Lambdy, Mi\u0142o\u015b\u0107 Nie Wyklucza, Trans-Fuzji i Wolontariatu R\u00f3wno\u015bci.<\/p>\n","protected":false},"excerpt":{"rendered":"<p>Ekspertyza przygotowana dla Polskiego Towarzystwa Prawa Antydyskryminacyjnego wskazuje, \u017ce uchwa\u0142y przeciwko osobom LGBT+ naruszaj\u0105 przepisy Konstytucji.<\/p>\n","protected":false},"author":1,"featured_media":1579,"comment_status":"open","ping_status":"open","sticky":false,"template":"","format":"standard","meta":{"footnotes":""},"categories":[8,12],"tags":[],"range":[],"_links":{"self":[{"href":"https:\/\/old.mnw.org.pl\/wp\/wp-json\/wp\/v2\/posts\/2712"}],"collection":[{"href":"https:\/\/old.mnw.org.pl\/wp\/wp-json\/wp\/v2\/posts"}],"about":[{"href":"https:\/\/old.mnw.org.pl\/wp\/wp-json\/wp\/v2\/types\/post"}],"author":[{"embeddable":true,"href":"https:\/\/old.mnw.org.pl\/wp\/wp-json\/wp\/v2\/users\/1"}],"replies":[{"embeddable":true,"href":"https:\/\/old.mnw.org.pl\/wp\/wp-json\/wp\/v2\/comments?post=2712"}],"version-history":[{"count":5,"href":"https:\/\/old.mnw.org.pl\/wp\/wp-json\/wp\/v2\/posts\/2712\/revisions"}],"predecessor-version":[{"id":2719,"href":"https:\/\/old.mnw.org.pl\/wp\/wp-json\/wp\/v2\/posts\/2712\/revisions\/2719"}],"wp:featuredmedia":[{"embeddable":true,"href":"https:\/\/old.mnw.org.pl\/wp\/wp-json\/wp\/v2\/media\/1579"}],"wp:attachment":[{"href":"https:\/\/old.mnw.org.pl\/wp\/wp-json\/wp\/v2\/media?parent=2712"}],"wp:term":[{"taxonomy":"category","embeddable":true,"href":"https:\/\/old.mnw.org.pl\/wp\/wp-json\/wp\/v2\/categories?post=2712"},{"taxonomy":"post_tag","embeddable":true,"href":"https:\/\/old.mnw.org.pl\/wp\/wp-json\/wp\/v2\/tags?post=2712"},{"taxonomy":"range","embeddable":true,"href":"https:\/\/old.mnw.org.pl\/wp\/wp-json\/wp\/v2\/range?post=2712"}],"curies":[{"name":"wp","href":"https:\/\/api.w.org\/{rel}","templated":true}]}}