{"id":2830,"date":"2019-09-23T12:30:07","date_gmt":"2019-09-23T10:30:07","guid":{"rendered":"https:\/\/old.mnw.org.pl\/?p=2830"},"modified":"2019-09-23T12:30:07","modified_gmt":"2019-09-23T10:30:07","slug":"startuje-mowie-jak-jest-nowa-kampania-o-mlodziezy-lgbt-w-polsce","status":"publish","type":"post","link":"https:\/\/old.mnw.org.pl\/wp\/startuje-mowie-jak-jest-nowa-kampania-o-mlodziezy-lgbt-w-polsce\/","title":{"rendered":"Startuje M\u00f3wi\u0119, jak jest \u2013 nowa kampania o m\u0142odzie\u017cy LGBT+ w Polsce. \u201cM\u00f3wimy o dumie, solidarno\u015bci i tym, jak radzi\u0107 sobie, gdy jest ci\u0119\u017cko\u201d."},"content":{"rendered":"<p>Dzi\u015b z dum\u0105 mo\u017cemy pochwali\u0107 si\u0119 wam &#8220;M\u00f3wi\u0119, jak jest&#8221; &#8211; now\u0105 kampani\u0105, w kt\u00f3rej b\u0119dziemy opowiada\u0107 historie ludzi LGBT+ w Polsce! ?\ufe0f\u200d??<\/p>\n<p>To nasza odpowied\u017a na nagonk\u0119 na osoby LGBT+, kt\u00f3ra przetacza si\u0119 przez Polsk\u0119 od pocz\u0105tku roku. Chcemy pokaza\u0107, \u017ce wszystkie dobre i z\u0142e rzeczy, kt\u00f3re nas spotykaj\u0105 mog\u0105 by\u0107 \u017ar\u00f3d\u0142em si\u0142y i dumy, i \u017ce nie musimy by\u0107 w tym wszystkim sami! ??<\/p>\n<figure class=\"video_frame\"><iframe src=\"https:\/\/www.youtube.com\/embed\/QbSwGF4cXR0\" frameborder=\"0\" allowfullscreen><\/iframe><\/figure>\n<p><em>M\u00f3wi\u0119, jak jest<\/em> to:<\/p>\n<p>\u2764\ufe0f kr\u00f3tkie filmy, w kt\u00f3rych rozpoznawalne osoby LGBT+ opowiadaj\u0105 o swojej<span class=\"text_exposed_show\"> nastoletnio\u015bci, szkole i dorastaniu,<\/span><\/p>\n<p>? memy i grafiki, opowiadaj\u0105ce o dumie, odwadze i codziennych problemach, z kt\u00f3rymi zmaga si\u0119 nasza spo\u0142eczno\u015b\u0107,<\/p>\n<p>? gad\u017cety we wszystkich kolorach reprezentuj\u0105cych osoby LGBTQIAP.<\/p>\n<p>? mapa Polski z list\u0105 kontakt\u00f3w do wszystkich organizacji LGBT+, kt\u00f3r\u0105 mog\u0105 pom\u00f3c, gdy dzieje si\u0119 co\u015b z\u0142ego lub po prostu chcemy z kim\u015b pogada\u0107,<\/p>\n<p>? ksi\u0105\u017ceczka o tym, jak reagowa\u0107 na homo-, bi- i transfobiczn\u0105 przemoc, jak zg\u0142asza\u0107 j\u0105 na policji i gdzie zadzwoni\u0107 lub napisa\u0107, gdy potrzebna jest szybka reakcja. Mo\u017cna j\u0105 \u015bci\u0105gn\u0105\u0107 lub zam\u00f3wi\u0107 wysy\u0142k\u0119 poczt\u0105,<\/p>\n<p>? hashtag <strong>#mowiejakjest<\/strong> kt\u00f3rym ka\u017cda ch\u0119tna osoba mo\u017ce oznaczy\u0107 swoj\u0105 histori\u0119 i wrzuci\u0107 j\u0105 na media spo\u0142eczno\u015bciowe.<\/p>\n<p>Wszystkie te rzeczy znajdziecie na stronie: <strong><a href=\"https:\/\/mowiejakjest.old.mnw.org.pl\/\" target=\"_blank\" rel=\"&quot;noopener\">mowiejakjest.eu<\/a><\/strong>.<\/p>\n<p>Zagl\u0105dajcie te\u017c na <a href=\"https:\/\/www.vogulepoland.net\/\" target=\"_blank\" rel=\"noopener nofollow\">Vogule Poland<\/a> i <a href=\"https:\/\/www.noizz.pl\" target=\"_blank\" rel=\"noopener nofollow\">NOIZZ.pl<\/a>, gdzie b\u0119d\u0105 pojawia\u0107 si\u0119 kolejne niusy o kampanii.<\/p>\n<p>Klikajcie, udost\u0119pniajcie i piszcie, a przede wszystkim b\u0105d\u017acie sob\u0105 i m\u00f3wcie jak jest!<\/p>\n","protected":false},"excerpt":{"rendered":"<p>Oddajemy g\u0142os przede wszystkim m\u0142odym osobom LGBT+, kt\u00f3rym cz\u0119sto bardzo trudno \u017cyje si\u0119 w Polsce<\/p>\n","protected":false},"author":4,"featured_media":2824,"comment_status":"open","ping_status":"open","sticky":false,"template":"","format":"standard","meta":{"footnotes":""},"categories":[10,13],"tags":[],"range":[],"_links":{"self":[{"href":"https:\/\/old.mnw.org.pl\/wp\/wp-json\/wp\/v2\/posts\/2830"}],"collection":[{"href":"https:\/\/old.mnw.org.pl\/wp\/wp-json\/wp\/v2\/posts"}],"about":[{"href":"https:\/\/old.mnw.org.pl\/wp\/wp-json\/wp\/v2\/types\/post"}],"author":[{"embeddable":true,"href":"https:\/\/old.mnw.org.pl\/wp\/wp-json\/wp\/v2\/users\/4"}],"replies":[{"embeddable":true,"href":"https:\/\/old.mnw.org.pl\/wp\/wp-json\/wp\/v2\/comments?post=2830"}],"version-history":[{"count":2,"href":"https:\/\/old.mnw.org.pl\/wp\/wp-json\/wp\/v2\/posts\/2830\/revisions"}],"predecessor-version":[{"id":2834,"href":"https:\/\/old.mnw.org.pl\/wp\/wp-json\/wp\/v2\/posts\/2830\/revisions\/2834"}],"wp:featuredmedia":[{"embeddable":true,"href":"https:\/\/old.mnw.org.pl\/wp\/wp-json\/wp\/v2\/media\/2824"}],"wp:attachment":[{"href":"https:\/\/old.mnw.org.pl\/wp\/wp-json\/wp\/v2\/media?parent=2830"}],"wp:term":[{"taxonomy":"category","embeddable":true,"href":"https:\/\/old.mnw.org.pl\/wp\/wp-json\/wp\/v2\/categories?post=2830"},{"taxonomy":"post_tag","embeddable":true,"href":"https:\/\/old.mnw.org.pl\/wp\/wp-json\/wp\/v2\/tags?post=2830"},{"taxonomy":"range","embeddable":true,"href":"https:\/\/old.mnw.org.pl\/wp\/wp-json\/wp\/v2\/range?post=2830"}],"curies":[{"name":"wp","href":"https:\/\/api.w.org\/{rel}","templated":true}]}}